{"id":9230,"date":"2025-02-05T09:09:35","date_gmt":"2025-02-05T09:09:35","guid":{"rendered":"https:\/\/bcrs.org.uk\/?p=9230"},"modified":"2025-02-05T09:16:09","modified_gmt":"2025-02-05T09:16:09","slug":"senior-business-development-manager-appointed-to-chamber-of-commerce-board","status":"publish","type":"post","link":"https:\/\/bcrs.org.uk\/cy\/blog\/senior-business-development-manager-appointed-to-chamber-of-commerce-board\/","title":{"rendered":"Penodi uwch reolwr datblygu busnes i fwrdd y Siambr Fasnach"},"content":{"rendered":"<p>Mae uwch reolwr datblygu busnes Benthyciadau Busnes BCRS Lynn Wyke wedi ymuno \u00e2 bwrdd Black Country Chamber of Commerce.<\/p>\n<p>Fel y brif asiantaeth cymorth busnes ar gyfer cwmn\u00efau sydd wedi\u2019u lleoli o fewn neu\u2019n gwneud busnes ar draws Wolverhampton, Dudley, Sandwell a Walsall, mae\u2019r sefydliad aelodaeth wedi penodi Lynn i\u2019w fwrdd cyn ymgyrch i gryfhau a thyfu yn 2025.<\/p>\n<p>Mae Lynn wedi gweithio i\u2019r darparwr benthyciadau busnes BCRS Business Loans ers 2018, ar \u00f4l cael ei chyflogi\u2019n flaenorol yn NatWest fel cyfarwyddwr ar gyfer y Black Country, Swydd Henffordd a Swydd Gaerwrangon.<\/p>\n<p>Gyda 12 mlynedd o brofiad arwain, mae Lynn yn frwd dros dyfu\u2019r economi leol ar \u00f4l cael ei geni a\u2019i magu yn y Wlad Ddu. <\/p>\n<p>Mae ganddi gymwysterau mewn ymgysylltu t\u00eem, ar \u00f4l ennill cymwysterau datblygu ynghyd \u00e2 thystysgrif bancwr siartredig a diploma mewn sgiliau credyd.<\/p>\n<p><strong>Dywedodd yr aelod newydd Lynn: <\/strong><\/p>\n<p><em>\u201cRwy\u2019n gyffrous i fod yn ymuno \u00e2 bwrdd Siambr Fasnach y Black Country i gefnogi ei waith yn chwarae rhan flaenllaw wrth lunio economi ffyniannus ar gyfer y rhanbarth.<\/p>\n<p>\u201cMae\u2019r Siambr a Benthyciadau Busnes BCRS wedi rhannu nodau wrth gefnogi cwmn\u00efau i gyflawni eu potensial, felly edrychaf ymlaen at dynnu ar fy mhrofiad gyda busnesau lleol. <\/p>\n<p>\u201cWedi fy ngeni a\u2019m magu yn y Wlad Ddu, rydw i wastad wedi bod yn frwd dros hyrwyddo\u2019r rhanbarth, ei busnesau a\u2019i weithlu, sydd gyda\u2019i gilydd yn gwneud y Wlad Ddu y lle i fod.\u201d<\/em><\/p>\n<p>Cyfarfu&#039;r bwrdd newydd am y tro cyntaf ym Mharc Gwyddoniaeth Wolverhampton ddydd Mercher. <\/p>\n<p>Ochr yn ochr \u00e2 Lynn, mae Amy Brokenshire, partner, pennaeth hyfforddi ac arbenigwr cyfraith cyflogaeth yn George Green LLP, wedi cael ei hailbenodi.<\/p>\n<p><strong>Dywedodd Prif Weithredwr y Siambr, Sarah Moorhouse:<\/strong><\/p>\n<p><em>\u201cMae gan y Siambr ran flaenllaw i\u2019w chwarae fel yr asiantaeth cymorth busnes rhanbarthol fwyaf sefydledig ar gyfer cwmn\u00efau Black Country, felly rwy\u2019n falch iawn o gael aelodau bwrdd gyda chalibr Lynn ac Amy wrth i ni adeiladu dyfodol cyffrous.<\/p>\n<p>\u201cYn y flwyddyn i ddod byddwn yn parhau i gyflawni ein thema allweddol o &#039;gryfhau a thyfu&#039;. Mae ein ffocws fel sefydliad yn parhau ar ddatblygu meddylfryd a diwylliant uchelgeisiol, gan roi llwybrau ar waith i gyflawni a gweithredu ein cynlluniau gyda rhagoriaeth.\u201d<\/em><\/p>","protected":false},"excerpt":{"rendered":"<p>Mae uwch reolwr datblygu busnes Benthyciadau Busnes BCRS Lynn Wyke wedi ymuno \u00e2 bwrdd Black Country Chamber of Commerce. Fel y brif asiantaeth cymorth busnes ar gyfer cwmn\u00efau sydd wedi\u2019u lleoli o fewn neu\u2019n gwneud busnes ar draws Wolverhampton, Dudley, Sandwell a Walsall, mae\u2019r sefydliad aelodaeth wedi penodi Lynn i\u2019w fwrdd cyn ymgyrch i gryfhau a thyfu\u2026<\/p>","protected":false},"author":20,"featured_media":9232,"comment_status":"open","ping_status":"closed","sticky":false,"template":"","format":"standard","meta":{"footnotes":""},"categories":[3],"tags":[],"class_list":["post-9230","post","type-post","status-publish","format-standard","has-post-thumbnail","hentry","category-news"],"yoast_head":"<!-- This site is optimized with the Yoast SEO plugin v27.5 - https:\/\/yoast.com\/product\/yoast-seo-wordpress\/ -->\n<title>Senior business development manager appointed to Chamber of Commerce board - BCRS Business Loans<\/title>\n<meta name=\"robots\" content=\"index, follow, max-snippet:-1, max-image-preview:large, max-video-preview:-1\" \/>\n<link rel=\"canonical\" href=\"https:\/\/bcrs.org.uk\/cy\/blog\/senior-business-development-manager-appointed-to-chamber-of-commerce-board\/\" \/>\n<meta property=\"og:locale\" content=\"en_US\" \/>\n<meta property=\"og:type\" content=\"article\" \/>\n<meta property=\"og:title\" content=\"Senior business development manager appointed to Chamber of Commerce board - BCRS Business Loans\" \/>\n<meta property=\"og:description\" content=\"BCRS Business Loans senior business development manager Lynn Wyke has joined the board of Black Country Chamber of Commerce. As the leading business support agency for firms based within or doing business across Wolverhampton, Dudley, Sandwell and Walsall, the membership organisation has appointed Lynn to its board ahead of a drive to strengthen and grow...\" \/>\n<meta property=\"og:url\" content=\"https:\/\/bcrs.org.uk\/cy\/blog\/senior-business-development-manager-appointed-to-chamber-of-commerce-board\/\" \/>\n<meta property=\"og:site_name\" content=\"BCRS Business Loans\" \/>\n<meta property=\"article:published_time\" content=\"2025-02-05T09:09:35+00:00\" \/>\n<meta property=\"article:modified_time\" content=\"2025-02-05T09:16:09+00:00\" \/>\n<meta property=\"og:image\" content=\"https:\/\/bcrs.org.uk\/wp-content\/uploads\/2025\/02\/Website-thumbnail-56.jpg\" \/>\n\t<meta property=\"og:image:width\" content=\"1350\" \/>\n\t<meta property=\"og:image:height\" content=\"900\" \/>\n\t<meta property=\"og:image:type\" content=\"image\/jpeg\" \/>\n<meta name=\"author\" content=\"Karen Morgen\" \/>\n<meta name=\"twitter:card\" content=\"summary_large_image\" \/>\n<meta name=\"twitter:creator\" content=\"@B_C_R_S\" \/>\n<meta name=\"twitter:site\" content=\"@B_C_R_S\" \/>\n<meta name=\"twitter:label1\" content=\"Written by\" \/>\n\t<meta name=\"twitter:data1\" content=\"Karen Morgen\" \/>\n\t<meta name=\"twitter:label2\" content=\"Est. reading time\" \/>\n\t<meta name=\"twitter:data2\" content=\"2 funud\" \/>\n<script type=\"application\/ld+json\" class=\"yoast-schema-graph\">{\"@context\":\"https:\\\/\\\/schema.org\",\"@graph\":[{\"@type\":\"Article\",\"@id\":\"https:\\\/\\\/bcrs.org.uk\\\/blog\\\/senior-business-development-manager-appointed-to-chamber-of-commerce-board\\\/#article\",\"isPartOf\":{\"@id\":\"https:\\\/\\\/bcrs.org.uk\\\/blog\\\/senior-business-development-manager-appointed-to-chamber-of-commerce-board\\\/\"},\"author\":{\"name\":\"Karen Morgen\",\"@id\":\"https:\\\/\\\/bcrs.org.uk\\\/#\\\/schema\\\/person\\\/248d72df3a3c70c426e2f4f099991378\"},\"headline\":\"Senior business development manager appointed to Chamber of Commerce board\",\"datePublished\":\"2025-02-05T09:09:35+00:00\",\"dateModified\":\"2025-02-05T09:16:09+00:00\",\"mainEntityOfPage\":{\"@id\":\"https:\\\/\\\/bcrs.org.uk\\\/blog\\\/senior-business-development-manager-appointed-to-chamber-of-commerce-board\\\/\"},\"wordCount\":349,\"commentCount\":0,\"publisher\":{\"@id\":\"https:\\\/\\\/bcrs.org.uk\\\/#organization\"},\"image\":{\"@id\":\"https:\\\/\\\/bcrs.org.uk\\\/blog\\\/senior-business-development-manager-appointed-to-chamber-of-commerce-board\\\/#primaryimage\"},\"thumbnailUrl\":\"https:\\\/\\\/bcrs.org.uk\\\/wp-content\\\/uploads\\\/2025\\\/02\\\/Website-thumbnail-56.jpg\",\"articleSection\":[\"News\"],\"inLanguage\":\"cy\",\"potentialAction\":[{\"@type\":\"CommentAction\",\"name\":\"Comment\",\"target\":[\"https:\\\/\\\/bcrs.org.uk\\\/blog\\\/senior-business-development-manager-appointed-to-chamber-of-commerce-board\\\/#respond\"]}]},{\"@type\":\"WebPage\",\"@id\":\"https:\\\/\\\/bcrs.org.uk\\\/blog\\\/senior-business-development-manager-appointed-to-chamber-of-commerce-board\\\/\",\"url\":\"https:\\\/\\\/bcrs.org.uk\\\/blog\\\/senior-business-development-manager-appointed-to-chamber-of-commerce-board\\\/\",\"name\":\"Senior business development manager appointed to Chamber of Commerce board - BCRS Business Loans\",\"isPartOf\":{\"@id\":\"https:\\\/\\\/bcrs.org.uk\\\/#website\"},\"primaryImageOfPage\":{\"@id\":\"https:\\\/\\\/bcrs.org.uk\\\/blog\\\/senior-business-development-manager-appointed-to-chamber-of-commerce-board\\\/#primaryimage\"},\"image\":{\"@id\":\"https:\\\/\\\/bcrs.org.uk\\\/blog\\\/senior-business-development-manager-appointed-to-chamber-of-commerce-board\\\/#primaryimage\"},\"thumbnailUrl\":\"https:\\\/\\\/bcrs.org.uk\\\/wp-content\\\/uploads\\\/2025\\\/02\\\/Website-thumbnail-56.jpg\",\"datePublished\":\"2025-02-05T09:09:35+00:00\",\"dateModified\":\"2025-02-05T09:16:09+00:00\",\"breadcrumb\":{\"@id\":\"https:\\\/\\\/bcrs.org.uk\\\/blog\\\/senior-business-development-manager-appointed-to-chamber-of-commerce-board\\\/#breadcrumb\"},\"inLanguage\":\"cy\",\"potentialAction\":[{\"@type\":\"ReadAction\",\"target\":[\"https:\\\/\\\/bcrs.org.uk\\\/blog\\\/senior-business-development-manager-appointed-to-chamber-of-commerce-board\\\/\"]}]},{\"@type\":\"ImageObject\",\"inLanguage\":\"cy\",\"@id\":\"https:\\\/\\\/bcrs.org.uk\\\/blog\\\/senior-business-development-manager-appointed-to-chamber-of-commerce-board\\\/#primaryimage\",\"url\":\"https:\\\/\\\/bcrs.org.uk\\\/wp-content\\\/uploads\\\/2025\\\/02\\\/Website-thumbnail-56.jpg\",\"contentUrl\":\"https:\\\/\\\/bcrs.org.uk\\\/wp-content\\\/uploads\\\/2025\\\/02\\\/Website-thumbnail-56.jpg\",\"width\":1350,\"height\":900},{\"@type\":\"BreadcrumbList\",\"@id\":\"https:\\\/\\\/bcrs.org.uk\\\/blog\\\/senior-business-development-manager-appointed-to-chamber-of-commerce-board\\\/#breadcrumb\",\"itemListElement\":[{\"@type\":\"ListItem\",\"position\":1,\"name\":\"Home\",\"item\":\"https:\\\/\\\/bcrs.org.uk\\\/\"},{\"@type\":\"ListItem\",\"position\":2,\"name\":\"Senior business development manager appointed to Chamber of Commerce board\"}]},{\"@type\":\"WebSite\",\"@id\":\"https:\\\/\\\/bcrs.org.uk\\\/#website\",\"url\":\"https:\\\/\\\/bcrs.org.uk\\\/\",\"name\":\"BCRS Business Loans\",\"description\":\"\",\"publisher\":{\"@id\":\"https:\\\/\\\/bcrs.org.uk\\\/#organization\"},\"potentialAction\":[{\"@type\":\"SearchAction\",\"target\":{\"@type\":\"EntryPoint\",\"urlTemplate\":\"https:\\\/\\\/bcrs.org.uk\\\/?s={search_term_string}\"},\"query-input\":{\"@type\":\"PropertyValueSpecification\",\"valueRequired\":true,\"valueName\":\"search_term_string\"}}],\"inLanguage\":\"cy\"},{\"@type\":\"Organization\",\"@id\":\"https:\\\/\\\/bcrs.org.uk\\\/#organization\",\"name\":\"BCRS Business Loans\",\"url\":\"https:\\\/\\\/bcrs.org.uk\\\/\",\"logo\":{\"@type\":\"ImageObject\",\"inLanguage\":\"cy\",\"@id\":\"https:\\\/\\\/bcrs.org.uk\\\/#\\\/schema\\\/logo\\\/image\\\/\",\"url\":\"https:\\\/\\\/bcrs.org.uk\\\/wp-content\\\/uploads\\\/2018\\\/08\\\/BCRS-logo.png\",\"contentUrl\":\"https:\\\/\\\/bcrs.org.uk\\\/wp-content\\\/uploads\\\/2018\\\/08\\\/BCRS-logo.png\",\"width\":231,\"height\":81,\"caption\":\"BCRS Business Loans\"},\"image\":{\"@id\":\"https:\\\/\\\/bcrs.org.uk\\\/#\\\/schema\\\/logo\\\/image\\\/\"},\"sameAs\":[\"https:\\\/\\\/x.com\\\/B_C_R_S\",\"https:\\\/\\\/www.linkedin.com\\\/company\\\/bcrs-small-business-loans\\\/\"]},{\"@type\":\"Person\",\"@id\":\"https:\\\/\\\/bcrs.org.uk\\\/#\\\/schema\\\/person\\\/248d72df3a3c70c426e2f4f099991378\",\"name\":\"Karen Morgen\",\"image\":{\"@type\":\"ImageObject\",\"inLanguage\":\"cy\",\"@id\":\"https:\\\/\\\/secure.gravatar.com\\\/avatar\\\/460752396e3198876907cccfe977bfddf0934a5bb927a1d5f63d017fc0fad23d?s=96&d=mm&r=g\",\"url\":\"https:\\\/\\\/secure.gravatar.com\\\/avatar\\\/460752396e3198876907cccfe977bfddf0934a5bb927a1d5f63d017fc0fad23d?s=96&d=mm&r=g\",\"contentUrl\":\"https:\\\/\\\/secure.gravatar.com\\\/avatar\\\/460752396e3198876907cccfe977bfddf0934a5bb927a1d5f63d017fc0fad23d?s=96&d=mm&r=g\",\"caption\":\"Karen Morgen\"}}]}<\/script>\n<!-- \/ Yoast SEO plugin. -->","yoast_head_json":{"title":"Uwch reolwr datblygu busnes wedi&#039;i benodi i fwrdd Siambr Fasnach - Benthyciadau Busnes BCRS","robots":{"index":"index","follow":"follow","max-snippet":"max-snippet:-1","max-image-preview":"max-image-preview:large","max-video-preview":"max-video-preview:-1"},"canonical":"https:\/\/bcrs.org.uk\/cy\/blog\/senior-business-development-manager-appointed-to-chamber-of-commerce-board\/","og_locale":"en_US","og_type":"article","og_title":"Senior business development manager appointed to Chamber of Commerce board - BCRS Business Loans","og_description":"BCRS Business Loans senior business development manager Lynn Wyke has joined the board of Black Country Chamber of Commerce. As the leading business support agency for firms based within or doing business across Wolverhampton, Dudley, Sandwell and Walsall, the membership organisation has appointed Lynn to its board ahead of a drive to strengthen and grow...","og_url":"https:\/\/bcrs.org.uk\/cy\/blog\/senior-business-development-manager-appointed-to-chamber-of-commerce-board\/","og_site_name":"BCRS Business Loans","article_published_time":"2025-02-05T09:09:35+00:00","article_modified_time":"2025-02-05T09:16:09+00:00","og_image":[{"width":1350,"height":900,"url":"https:\/\/bcrs.org.uk\/wp-content\/uploads\/2025\/02\/Website-thumbnail-56.jpg","type":"image\/jpeg"}],"author":"Karen Morgen","twitter_card":"summary_large_image","twitter_creator":"@B_C_R_S","twitter_site":"@B_C_R_S","twitter_misc":{"Written by":"Karen Morgen","Est. reading time":"2 funud"},"schema":{"@context":"https:\/\/schema.org","@graph":[{"@type":"Article","@id":"https:\/\/bcrs.org.uk\/blog\/senior-business-development-manager-appointed-to-chamber-of-commerce-board\/#article","isPartOf":{"@id":"https:\/\/bcrs.org.uk\/blog\/senior-business-development-manager-appointed-to-chamber-of-commerce-board\/"},"author":{"name":"Karen Morgen","@id":"https:\/\/bcrs.org.uk\/#\/schema\/person\/248d72df3a3c70c426e2f4f099991378"},"headline":"Senior business development manager appointed to Chamber of Commerce board","datePublished":"2025-02-05T09:09:35+00:00","dateModified":"2025-02-05T09:16:09+00:00","mainEntityOfPage":{"@id":"https:\/\/bcrs.org.uk\/blog\/senior-business-development-manager-appointed-to-chamber-of-commerce-board\/"},"wordCount":349,"commentCount":0,"publisher":{"@id":"https:\/\/bcrs.org.uk\/#organization"},"image":{"@id":"https:\/\/bcrs.org.uk\/blog\/senior-business-development-manager-appointed-to-chamber-of-commerce-board\/#primaryimage"},"thumbnailUrl":"https:\/\/bcrs.org.uk\/wp-content\/uploads\/2025\/02\/Website-thumbnail-56.jpg","articleSection":["News"],"inLanguage":"cy","potentialAction":[{"@type":"CommentAction","name":"Comment","target":["https:\/\/bcrs.org.uk\/blog\/senior-business-development-manager-appointed-to-chamber-of-commerce-board\/#respond"]}]},{"@type":"WebPage","@id":"https:\/\/bcrs.org.uk\/blog\/senior-business-development-manager-appointed-to-chamber-of-commerce-board\/","url":"https:\/\/bcrs.org.uk\/blog\/senior-business-development-manager-appointed-to-chamber-of-commerce-board\/","name":"Uwch reolwr datblygu busnes wedi&#039;i benodi i fwrdd Siambr Fasnach - Benthyciadau Busnes BCRS","isPartOf":{"@id":"https:\/\/bcrs.org.uk\/#website"},"primaryImageOfPage":{"@id":"https:\/\/bcrs.org.uk\/blog\/senior-business-development-manager-appointed-to-chamber-of-commerce-board\/#primaryimage"},"image":{"@id":"https:\/\/bcrs.org.uk\/blog\/senior-business-development-manager-appointed-to-chamber-of-commerce-board\/#primaryimage"},"thumbnailUrl":"https:\/\/bcrs.org.uk\/wp-content\/uploads\/2025\/02\/Website-thumbnail-56.jpg","datePublished":"2025-02-05T09:09:35+00:00","dateModified":"2025-02-05T09:16:09+00:00","breadcrumb":{"@id":"https:\/\/bcrs.org.uk\/blog\/senior-business-development-manager-appointed-to-chamber-of-commerce-board\/#breadcrumb"},"inLanguage":"cy","potentialAction":[{"@type":"ReadAction","target":["https:\/\/bcrs.org.uk\/blog\/senior-business-development-manager-appointed-to-chamber-of-commerce-board\/"]}]},{"@type":"ImageObject","inLanguage":"cy","@id":"https:\/\/bcrs.org.uk\/blog\/senior-business-development-manager-appointed-to-chamber-of-commerce-board\/#primaryimage","url":"https:\/\/bcrs.org.uk\/wp-content\/uploads\/2025\/02\/Website-thumbnail-56.jpg","contentUrl":"https:\/\/bcrs.org.uk\/wp-content\/uploads\/2025\/02\/Website-thumbnail-56.jpg","width":1350,"height":900},{"@type":"BreadcrumbList","@id":"https:\/\/bcrs.org.uk\/blog\/senior-business-development-manager-appointed-to-chamber-of-commerce-board\/#breadcrumb","itemListElement":[{"@type":"ListItem","position":1,"name":"Home","item":"https:\/\/bcrs.org.uk\/"},{"@type":"ListItem","position":2,"name":"Senior business development manager appointed to Chamber of Commerce board"}]},{"@type":"WebSite","@id":"https:\/\/bcrs.org.uk\/#website","url":"https:\/\/bcrs.org.uk\/","name":"Benthyciadau Busnes BCRS","description":"","publisher":{"@id":"https:\/\/bcrs.org.uk\/#organization"},"potentialAction":[{"@type":"SearchAction","target":{"@type":"EntryPoint","urlTemplate":"https:\/\/bcrs.org.uk\/?s={search_term_string}"},"query-input":{"@type":"PropertyValueSpecification","valueRequired":true,"valueName":"search_term_string"}}],"inLanguage":"cy"},{"@type":"Organization","@id":"https:\/\/bcrs.org.uk\/#organization","name":"Benthyciadau Busnes BCRS","url":"https:\/\/bcrs.org.uk\/","logo":{"@type":"ImageObject","inLanguage":"cy","@id":"https:\/\/bcrs.org.uk\/#\/schema\/logo\/image\/","url":"https:\/\/bcrs.org.uk\/wp-content\/uploads\/2018\/08\/BCRS-logo.png","contentUrl":"https:\/\/bcrs.org.uk\/wp-content\/uploads\/2018\/08\/BCRS-logo.png","width":231,"height":81,"caption":"BCRS Business Loans"},"image":{"@id":"https:\/\/bcrs.org.uk\/#\/schema\/logo\/image\/"},"sameAs":["https:\/\/x.com\/B_C_R_S","https:\/\/www.linkedin.com\/company\/bcrs-small-business-loans\/"]},{"@type":"Person","@id":"https:\/\/bcrs.org.uk\/#\/schema\/person\/248d72df3a3c70c426e2f4f099991378","name":"Karen Morgen","image":{"@type":"ImageObject","inLanguage":"cy","@id":"https:\/\/secure.gravatar.com\/avatar\/460752396e3198876907cccfe977bfddf0934a5bb927a1d5f63d017fc0fad23d?s=96&d=mm&r=g","url":"https:\/\/secure.gravatar.com\/avatar\/460752396e3198876907cccfe977bfddf0934a5bb927a1d5f63d017fc0fad23d?s=96&d=mm&r=g","contentUrl":"https:\/\/secure.gravatar.com\/avatar\/460752396e3198876907cccfe977bfddf0934a5bb927a1d5f63d017fc0fad23d?s=96&d=mm&r=g","caption":"Karen Morgen"}}]}},"_links":{"self":[{"href":"https:\/\/bcrs.org.uk\/cy\/wp-json\/wp\/v2\/posts\/9230","targetHints":{"allow":["GET"]}}],"collection":[{"href":"https:\/\/bcrs.org.uk\/cy\/wp-json\/wp\/v2\/posts"}],"about":[{"href":"https:\/\/bcrs.org.uk\/cy\/wp-json\/wp\/v2\/types\/post"}],"author":[{"embeddable":true,"href":"https:\/\/bcrs.org.uk\/cy\/wp-json\/wp\/v2\/users\/20"}],"replies":[{"embeddable":true,"href":"https:\/\/bcrs.org.uk\/cy\/wp-json\/wp\/v2\/comments?post=9230"}],"version-history":[{"count":1,"href":"https:\/\/bcrs.org.uk\/cy\/wp-json\/wp\/v2\/posts\/9230\/revisions"}],"predecessor-version":[{"id":9233,"href":"https:\/\/bcrs.org.uk\/cy\/wp-json\/wp\/v2\/posts\/9230\/revisions\/9233"}],"wp:featuredmedia":[{"embeddable":true,"href":"https:\/\/bcrs.org.uk\/cy\/wp-json\/wp\/v2\/media\/9232"}],"wp:attachment":[{"href":"https:\/\/bcrs.org.uk\/cy\/wp-json\/wp\/v2\/media?parent=9230"}],"wp:term":[{"taxonomy":"category","embeddable":true,"href":"https:\/\/bcrs.org.uk\/cy\/wp-json\/wp\/v2\/categories?post=9230"},{"taxonomy":"post_tag","embeddable":true,"href":"https:\/\/bcrs.org.uk\/cy\/wp-json\/wp\/v2\/tags?post=9230"}],"curies":[{"name":"wp","href":"https:\/\/api.w.org\/{rel}","templated":true}]}}